{"id":9246,"date":"2022-01-24T13:20:46","date_gmt":"2022-01-24T12:20:46","guid":{"rendered":"http:\/\/www.sd-gorje.com\/?p=9246"},"modified":"2022-01-29T13:22:16","modified_gmt":"2022-01-29T12:22:16","slug":"januarske-novice","status":"publish","type":"post","link":"https:\/\/www.sd-gorje.com\/?p=9246","title":{"rendered":"Januarske novice"},"content":{"rendered":"\n<p>Vstopili smo v novo leto, vstopili smo v novo tekmovalno\nsezono v teku na smu\u010deh (v biatlonu smo sezono otvorili v za\u010detku decembra) in\nza\u010deli s tekmovanji. Kon\u010dno, bi lahko rekli! Na sre\u010do sta biatlon in tek na\nsmu\u010deh \u0161porta na prostem in tu ukrepi in omejitve niti niso tako potrebni\noziroma nas letos ne prizadenejo tako kot lani, ko najmlaj\u0161i niso smeli\ntrenirati in ne tekmovati. Ohranjanje medosebne razdalje je samoumevno, zanjo\nposkrbijo \u017ee vsaj 150 cm dolge teka\u0161ke smu\u010dke, namesto mask pa imajo vsi bufe,\nda jih ne zebe v vrat&nbsp; \u2026 <\/p>\n\n\n\n<p>Prva teka\u0161ka tekma sezone je bila v na\u0161ih Gorjah, v nedeljo,\n26. 12., in to dr\u017eavno prvenstvo v \u0161printu dvojic! Gorjancev na \u0161tartu pa\ntoliko, da so trenerji Domen, Miha in Petra pokazali kar nekaj iznajdljivosti,\nda se je na\u0161lo dovolj parov smu\u010dk za klasi\u010dno tehniko in je lahko vsak dobil\nsvoje! Podmladka imamo veliko in prav vsak bi se rad pokazal pred doma\u010dimi\nnavija\u010di! Tudi uspehi niso izostali in poplava tretjih mest! Med mlaj\u0161imi de\u010dki\n3. mesto (Jo\u0161t Pogorevc, Sre\u010dko Matic Mozeti\u010d), pri mlaj\u0161ih deklicah 3. mesto\n(Mirjam Toma\u017eevi\u010d, Ne\u017ea Larisi), pri starej\u0161ih de\u010dkih 3. mesto (O\u017ebej Repe, Bor\nOmejc), pri starej\u0161ih mladinkah 3. mesto (Mina Repe, Tja\u0161a Skubin), dr\u017eavna\npodprvaka pri \u010dlanih pa Miha Jan in Jo\u0161t Mulej. \u0160e dobro, da je sneg na\nHotunjah zdr\u017eal, teden dni kasneje tekma na tem prizori\u0161\u010du ne bi bila ve\u010d\nizvedljiva.<\/p>\n\n\n\n<p>\u010cetrtek, 30. 1., je bil dan za tradicionalno tekmovanje za\nMemorial junakov gorjanskega laufa v organizaciji na\u0161ega dru\u0161tva. Kot vsako\nleto se tekmovanje odvija v ve\u010dernem \u010dasu ob soju bakel, kar je vedno nekaj\nprav posebnega. Spet smo se vrnili z nekaj medaljami: Mirjam Toma\u017eevi\u010d med\nmlaj\u0161imi deklicami (3. mesto), pri starej\u0161ih deklicah \u017diva Bijol (3. mesto),\npri mlaj\u0161ih mladinkah Mina Repe (3. mesto), pri starej\u0161ih mladincih O\u017ebe Mulej\n(2. mesto) in Alja\u017e Omejc (3. mesto), pri juniorjih Jo\u0161t Mulej (1. mesto), med\n\u010dlani Domen Poto\u010dnik (2. mesto). Tekma je imela skoraj 300 udele\u017eencev, najbolj\nglasne navija\u010de pa je imel prav na\u0161 trener Domen, za katerega so otroci ostali\nskoraj brez glasu. <\/p>\n\n\n\n<p>Naslednja tekma je bila v Planici v nedeljo, 9. 1., in sicer\nmednarodno tekmovanje No border cup, kjer se pomerijo tekmovalci iz Italije,\nAvstrije, Slovenije in Hrva\u0161ke. Stopni\u010dke so tu \u0161e poseben uspeh, a smo jih\ndosegli! Med mlaj\u0161imi mladinkami je zmagala Mina Repe, pri \u010dlanicah pa je 2.\nmesto dosegla Petra Race, tudi ostali so se borili v mo\u010dni konkurenci in\ndosegli lepe rezultate. <\/p>\n\n\n\n<p>Teden dni kasneje je bila zopet tekma v Planici. Z okrnjeno\nzasedbo, mnogo otrok je bilo namre\u010d doma v karanteni, smo se zopet okitili z\nmedaljami. Med mlaj\u0161imi deklicami je zmagala Mirjam Toma\u017eevi\u010d, pri starej\u0161ih\ndeklicah je bila 2. \u017diva Bijol, fantje pa so dosegli 3 zmage: med starej\u0161imi\nmladinci O\u017ebe Mulej, pri juniorjih Jo\u0161t Mulej in pri \u010dlanih Miha Li\u010def! Odli\u010dni\nobeti za nadaljevanje \u2026<\/p>\n\n\n\n<p>Tudi biatlonska tekmovalna sezona je v polnem zagonu.&nbsp; V nedeljo, 26. 12., je na Rudnem polju\npotekalo dr\u017eavno prvenstvo v \u0161printu in Gorjanci smo trikrat postali prvaki:\nMiha Dov\u017ean med \u010dlani, Klara Vindi\u0161ar med mladinkami, Nika Vindi\u0161ar pa je\nzmagala med \u010dlanicami. Naslednji dan je sledila zasledovalna tekma. Prednost in\n1. mesto je ubranil Miha Dov\u017ean med \u010dlani, pri mlaj\u0161ih mladincih je 3. mesto\ndosegel Alja\u017e Omejc, pri mladinkah pa je dr\u017eavna podprvakinja postala Klara\nVindi\u0161ar.<\/p>\n\n\n\n<p>Nedelja, 2. 1., je bil dan za biatlonsko tekmovanje v na\u0161i\norganizaciji. Medse smo povabili \u0161e nekaj predstavnikov iz TSK Logatec, ki smo\njim predali kan\u010dek svojega znanja, kako izpeljati uspe\u0161no organizacijo tekme v\nbiatlonu, predvsem pa smo poskrbeli za medklubsko povezovanje in izmenjavo\nizku\u0161enj. In zopet smo bili ve\u010d kot uspe\u0161ni! Nika Vindi\u0161ar je zmagala med\n\u010dlanicami, pri mladinkah pa je uspeh dopolnila Zala Repe s 3. mestom. <\/p>\n\n\n\n<p>Na Pokljuki so sledila mednarodna tekmovanja, Alpski pokal,\nIBU-pokal ter evropsko prvenstvo v biatlonu za mlaj\u0161e \u010dlane. Gorjanci in\nGorjanke so zastopali slovenske barve po svojih najbolj\u0161ih mo\u010deh, naj omenim le\nAlja\u017ea Omejca, ki je na Alpskem pokalu osvojil 3. mesto v \u0161printu.<\/p>\n\n\n\n<p>Izjemno smo veseli in ponosni, da so se v olimpijsko\nreprezentanco uvrstili kar trije iz na\u0161ega dru\u0161tva: v teka\u0161ki del Eva Urevc in\nMiha Li\u010def, v biatlonski del reprezentance pa Miha Dov\u017ean! Obljubimo, da bomo\nstiskali pesti in navijali, ko bodo zastopali Slovenijo in na\u0161e Gorje v daljnem\nPekingu!<\/p>\n\n\n\n<p>\u017dal smo bili primorani na prihodnji, prireditvam bolj\nnaklonjen \u010das, prestaviti na\u0161e Zvezde na snegu ter proslavo ob 100-letnici\ndru\u0161tva. Morda bo pomlad prinesla tisto otoplitev na vseh podro\u010djih, tudi\nzdravstvenem, pa bomo takrat dodobra napolnili telovadnico, brez omejitev in\nmask \u2026\n\nHvala vsem, ki nas spremljate, dr\u017eite pesti za nas,\nnas podpirate in nam privo\u0161\u010dite uspehe. Trudili se bomo \u0161e naprej, saj ni\nte\u017eko, \u010de nekaj dela\u0161 s srcem in veseljem \u2026\n\n\n\n<\/p>\n","protected":false},"excerpt":{"rendered":"<p>Vstopili smo v novo leto, vstopili smo v novo tekmovalno sezono v teku na smu\u010deh (v biatlonu smo sezono otvorili v za\u010detku decembra) in za\u010deli s tekmovanji. Kon\u010dno, bi lahko rekli! Na sre\u010do sta biatlon in tek na smu\u010deh \u0161porta na prostem in tu ukrepi in omejitve niti niso tako<\/p>\n","protected":false},"author":1,"featured_media":9251,"comment_status":"closed","ping_status":"closed","sticky":false,"template":"","format":"standard","meta":{"footnotes":""},"categories":[5,2],"tags":[],"class_list":["post-9246","post","type-post","status-publish","format-standard","has-post-thumbnail","hentry","category-biatlon","category-tek-na-smuceh","has-featured-image"],"_links":{"self":[{"href":"https:\/\/www.sd-gorje.com\/index.php?rest_route=\/wp\/v2\/posts\/9246","targetHints":{"allow":["GET"]}}],"collection":[{"href":"https:\/\/www.sd-gorje.com\/index.php?rest_route=\/wp\/v2\/posts"}],"about":[{"href":"https:\/\/www.sd-gorje.com\/index.php?rest_route=\/wp\/v2\/types\/post"}],"author":[{"embeddable":true,"href":"https:\/\/www.sd-gorje.com\/index.php?rest_route=\/wp\/v2\/users\/1"}],"replies":[{"embeddable":true,"href":"https:\/\/www.sd-gorje.com\/index.php?rest_route=%2Fwp%2Fv2%2Fcomments&post=9246"}],"version-history":[{"count":1,"href":"https:\/\/www.sd-gorje.com\/index.php?rest_route=\/wp\/v2\/posts\/9246\/revisions"}],"predecessor-version":[{"id":9252,"href":"https:\/\/www.sd-gorje.com\/index.php?rest_route=\/wp\/v2\/posts\/9246\/revisions\/9252"}],"wp:featuredmedia":[{"embeddable":true,"href":"https:\/\/www.sd-gorje.com\/index.php?rest_route=\/wp\/v2\/media\/9251"}],"wp:attachment":[{"href":"https:\/\/www.sd-gorje.com\/index.php?rest_route=%2Fwp%2Fv2%2Fmedia&parent=9246"}],"wp:term":[{"taxonomy":"category","embeddable":true,"href":"https:\/\/www.sd-gorje.com\/index.php?rest_route=%2Fwp%2Fv2%2Fcategories&post=9246"},{"taxonomy":"post_tag","embeddable":true,"href":"https:\/\/www.sd-gorje.com\/index.php?rest_route=%2Fwp%2Fv2%2Ftags&post=9246"}],"curies":[{"name":"wp","href":"https:\/\/api.w.org\/{rel}","templated":true}]}}