{"id":303,"date":"2021-12-15T21:23:28","date_gmt":"2021-12-15T20:23:28","guid":{"rendered":"http:\/\/www.sd-gorje.com\/?p=303"},"modified":"2021-12-15T21:23:28","modified_gmt":"2021-12-15T20:23:28","slug":"drzavno-prvenstvo-v-sprintih-v-planici","status":"publish","type":"post","link":"https:\/\/www.sd-gorje.com\/?p=303","title":{"rendered":"Dr\u017eavno prvenstvo v \u0161printih v Planici"},"content":{"rendered":"\n<p>Danes, 15. 12. 2021, je v Planici potekalo dr\u017eavno prvenstvo\nv \u0161printih v absolutni kategoriji, kar pomeni, da so vsi tekmovalci, ne glede\nna starost, \u0161tartali skupaj. Tekme se je udele\u017eilo 6 gorjanskih svizcev. Pri mo\u0161kih\nje 5. mesto osvojil Miha Li\u010def, 7. mesto Jo\u0161t Mulej ter 13. mesto O\u017ebe Mulej.\nPri \u017eenskah pa je Tja\u0161a Skubin dosegla 14. mesto, Mina Repe 15. mesto in Petra\nRace 17. mesto. \u0160e naprej dr\u017eimo pesti za na\u0161e tekmovalce in kar tako naprej!<\/p>\n","protected":false},"excerpt":{"rendered":"<p>Danes, 15. 12. 2021, je v Planici potekalo dr\u017eavno prvenstvo v \u0161printih v absolutni kategoriji, kar pomeni, da so vsi tekmovalci, ne glede na starost, \u0161tartali skupaj. Tekme se je udele\u017eilo 6 gorjanskih svizcev. Pri mo\u0161kih je 5. mesto osvojil Miha Li\u010def, 7. mesto Jo\u0161t Mulej ter 13. mesto O\u017ebe<\/p>\n","protected":false},"author":1,"featured_media":304,"comment_status":"closed","ping_status":"closed","sticky":false,"template":"","format":"standard","meta":{"footnotes":""},"categories":[2],"tags":[],"class_list":["post-303","post","type-post","status-publish","format-standard","has-post-thumbnail","hentry","category-tek-na-smuceh","has-featured-image"],"_links":{"self":[{"href":"https:\/\/www.sd-gorje.com\/index.php?rest_route=\/wp\/v2\/posts\/303","targetHints":{"allow":["GET"]}}],"collection":[{"href":"https:\/\/www.sd-gorje.com\/index.php?rest_route=\/wp\/v2\/posts"}],"about":[{"href":"https:\/\/www.sd-gorje.com\/index.php?rest_route=\/wp\/v2\/types\/post"}],"author":[{"embeddable":true,"href":"https:\/\/www.sd-gorje.com\/index.php?rest_route=\/wp\/v2\/users\/1"}],"replies":[{"embeddable":true,"href":"https:\/\/www.sd-gorje.com\/index.php?rest_route=%2Fwp%2Fv2%2Fcomments&post=303"}],"version-history":[{"count":1,"href":"https:\/\/www.sd-gorje.com\/index.php?rest_route=\/wp\/v2\/posts\/303\/revisions"}],"predecessor-version":[{"id":305,"href":"https:\/\/www.sd-gorje.com\/index.php?rest_route=\/wp\/v2\/posts\/303\/revisions\/305"}],"wp:featuredmedia":[{"embeddable":true,"href":"https:\/\/www.sd-gorje.com\/index.php?rest_route=\/wp\/v2\/media\/304"}],"wp:attachment":[{"href":"https:\/\/www.sd-gorje.com\/index.php?rest_route=%2Fwp%2Fv2%2Fmedia&parent=303"}],"wp:term":[{"taxonomy":"category","embeddable":true,"href":"https:\/\/www.sd-gorje.com\/index.php?rest_route=%2Fwp%2Fv2%2Fcategories&post=303"},{"taxonomy":"post_tag","embeddable":true,"href":"https:\/\/www.sd-gorje.com\/index.php?rest_route=%2Fwp%2Fv2%2Ftags&post=303"}],"curies":[{"name":"wp","href":"https:\/\/api.w.org\/{rel}","templated":true}]}}