{"id":291,"date":"2021-12-13T22:03:54","date_gmt":"2021-12-13T21:03:54","guid":{"rendered":"http:\/\/www.sd-gorje.com\/?p=291"},"modified":"2021-12-13T22:03:54","modified_gmt":"2021-12-13T21:03:54","slug":"ibu-junior-cup","status":"publish","type":"post","link":"https:\/\/www.sd-gorje.com\/?p=291","title":{"rendered":"IBU Junior Cup"},"content":{"rendered":"\n<p>V italijanskem Martellu te dni poteka IBU Junior Cup, kjer Slovenijo zastopata tudi Gorjanki Klara Vindi\u0161ar in Zala Repe. V petek sta bili na individualni preizku\u0161nji Zala 25., Klara pa 28. V nedeljo pa sta skupaj z Bohinjkama Kajo Zor\u010d in Kajo Mari\u010d v \u0161tafeti dosegli odli\u010dno 6. mesto.<\/p>\n","protected":false},"excerpt":{"rendered":"<p>V italijanskem Martellu te dni poteka IBU Junior Cup, kjer Slovenijo zastopata tudi Gorjanki Klara Vindi\u0161ar in Zala Repe. V petek sta bili na individualni preizku\u0161nji Zala 25., Klara pa 28. V nedeljo pa sta skupaj z Bohinjkama Kajo Zor\u010d in Kajo Mari\u010d v \u0161tafeti dosegli odli\u010dno 6. mesto.<\/p>\n","protected":false},"author":1,"featured_media":292,"comment_status":"closed","ping_status":"closed","sticky":false,"template":"","format":"standard","meta":{"footnotes":""},"categories":[5],"tags":[],"class_list":["post-291","post","type-post","status-publish","format-standard","has-post-thumbnail","hentry","category-biatlon","has-featured-image"],"_links":{"self":[{"href":"https:\/\/www.sd-gorje.com\/index.php?rest_route=\/wp\/v2\/posts\/291","targetHints":{"allow":["GET"]}}],"collection":[{"href":"https:\/\/www.sd-gorje.com\/index.php?rest_route=\/wp\/v2\/posts"}],"about":[{"href":"https:\/\/www.sd-gorje.com\/index.php?rest_route=\/wp\/v2\/types\/post"}],"author":[{"embeddable":true,"href":"https:\/\/www.sd-gorje.com\/index.php?rest_route=\/wp\/v2\/users\/1"}],"replies":[{"embeddable":true,"href":"https:\/\/www.sd-gorje.com\/index.php?rest_route=%2Fwp%2Fv2%2Fcomments&post=291"}],"version-history":[{"count":1,"href":"https:\/\/www.sd-gorje.com\/index.php?rest_route=\/wp\/v2\/posts\/291\/revisions"}],"predecessor-version":[{"id":293,"href":"https:\/\/www.sd-gorje.com\/index.php?rest_route=\/wp\/v2\/posts\/291\/revisions\/293"}],"wp:featuredmedia":[{"embeddable":true,"href":"https:\/\/www.sd-gorje.com\/index.php?rest_route=\/wp\/v2\/media\/292"}],"wp:attachment":[{"href":"https:\/\/www.sd-gorje.com\/index.php?rest_route=%2Fwp%2Fv2%2Fmedia&parent=291"}],"wp:term":[{"taxonomy":"category","embeddable":true,"href":"https:\/\/www.sd-gorje.com\/index.php?rest_route=%2Fwp%2Fv2%2Fcategories&post=291"},{"taxonomy":"post_tag","embeddable":true,"href":"https:\/\/www.sd-gorje.com\/index.php?rest_route=%2Fwp%2Fv2%2Ftags&post=291"}],"curies":[{"name":"wp","href":"https:\/\/api.w.org\/{rel}","templated":true}]}}